{"id":545,"date":"2020-06-07T21:04:00","date_gmt":"2020-06-07T20:04:00","guid":{"rendered":"http:\/\/www.akademiapanajana.pl\/?p=545"},"modified":"2020-07-06T21:08:45","modified_gmt":"2020-07-06T20:08:45","slug":"kozioleczek-hana","status":"publish","type":"post","link":"https:\/\/www.akademiapanajana.pl\/index.php\/2020\/06\/07\/kozioleczek-hana\/","title":{"rendered":"\u201eKozio\u0142eczek\u201d \u2013 Hana"},"content":{"rendered":"\n<p>O przera\u017caj\u0105cych przygodach ma\u0142ego Kozio\u0142eczka i o srogim ojcu opowiedzia\u0142a Hana Zaborska, sze\u015bciolatka chodz\u0105ca do Samorz\u0105dowego Przedszkola w I\u0142\u017cy.<\/p>\n\n\n\n<p>Hana nie tylko nauczy\u0142a si\u0119 wiersza Jana Brzechwy pt. \u201eKozio\u0142eczek\u201d ale nawet wcieli\u0142a si\u0119 w jego rol\u0119.<\/p>\n\n\n\n<p>Zapraszamy do obejrzenia filmu<\/p>\n\n\n\n<figure class=\"wp-block-embed-facebook wp-block-embed is-type-video is-provider-facebook\"><div class=\"wp-block-embed__wrapper\">\n<div id=\"fb-root\"><\/div><script async=\"1\" defer=\"1\" crossorigin=\"anonymous\" src=\"https:\/\/connect.facebook.net\/pl_PL\/sdk.js#xfbml=1&amp;version=v7.0\" nonce=\"J6CW5JOb\"><\/script><div class=\"fb-video\" data-href=\"https:\/\/www.facebook.com\/100007298117580\/videos\/2522738721312707\/\" data-width=\"1080\"><blockquote cite=\"https:\/\/www.facebook.com\/100007298117580\/videos\/2522738721312707\/\" class=\"fb-xfbml-parse-ignore\"><a href=\"https:\/\/www.facebook.com\/100007298117580\/videos\/2522738721312707\/\"><\/a><p>Hana Zaborska, lat 6, Samorz\u0105dowe Przedszkole w I\u0142\u017cy. Wiersz pt.: \u201eKozio\u0142eczek\u201d.<\/p>Opublikowany przez <a href=\"https:\/\/www.facebook.com\/people\/Oliwia-Rak\/100007298117580\">Oliwi\u0119 Rak<\/a> Pi\u0105tek, 5 czerwca 2020<\/blockquote><\/div>\n<\/div><\/figure>\n\n\n\n<figure class=\"wp-block-image size-large\"><img loading=\"lazy\" decoding=\"async\" width=\"732\" height=\"1024\" src=\"https:\/\/www.akademiapanajana.pl\/wp-content\/uploads\/2020\/07\/certyfikat-22-732x1024.jpg\" alt=\"\" class=\"wp-image-546\"\/><\/figure>\n","protected":false},"excerpt":{"rendered":"<p>O przera\u017caj\u0105cych przygodach ma\u0142ego Kozio\u0142eczka i o srogim ojcu opowiedzia\u0142a Hana Zaborska, sze\u015bciolatka chodz\u0105ca do Samorz\u0105dowego Przedszkola w I\u0142\u017cy. Hana nie tylko nauczy\u0142a si\u0119 wiersza Jana Brzechwy pt. \u201eKozio\u0142eczek\u201d ale nawet wcieli\u0142a si\u0119 w jego rol\u0119. Zapraszamy do obejrzenia filmu<\/p>\n","protected":false},"author":1,"featured_media":547,"comment_status":"closed","ping_status":"open","sticky":false,"template":"","format":"standard","meta":{"_et_pb_use_builder":"off","_et_pb_old_content":"","_et_gb_content_width":"","footnotes":""},"categories":[5],"tags":[],"class_list":["post-545","post","type-post","status-publish","format-standard","has-post-thumbnail","hentry","category-w-chmurze"],"_links":{"self":[{"href":"https:\/\/www.akademiapanajana.pl\/index.php\/wp-json\/wp\/v2\/posts\/545","targetHints":{"allow":["GET"]}}],"collection":[{"href":"https:\/\/www.akademiapanajana.pl\/index.php\/wp-json\/wp\/v2\/posts"}],"about":[{"href":"https:\/\/www.akademiapanajana.pl\/index.php\/wp-json\/wp\/v2\/types\/post"}],"author":[{"embeddable":true,"href":"https:\/\/www.akademiapanajana.pl\/index.php\/wp-json\/wp\/v2\/users\/1"}],"replies":[{"embeddable":true,"href":"https:\/\/www.akademiapanajana.pl\/index.php\/wp-json\/wp\/v2\/comments?post=545"}],"version-history":[{"count":1,"href":"https:\/\/www.akademiapanajana.pl\/index.php\/wp-json\/wp\/v2\/posts\/545\/revisions"}],"predecessor-version":[{"id":548,"href":"https:\/\/www.akademiapanajana.pl\/index.php\/wp-json\/wp\/v2\/posts\/545\/revisions\/548"}],"wp:featuredmedia":[{"embeddable":true,"href":"https:\/\/www.akademiapanajana.pl\/index.php\/wp-json\/wp\/v2\/media\/547"}],"wp:attachment":[{"href":"https:\/\/www.akademiapanajana.pl\/index.php\/wp-json\/wp\/v2\/media?parent=545"}],"wp:term":[{"taxonomy":"category","embeddable":true,"href":"https:\/\/www.akademiapanajana.pl\/index.php\/wp-json\/wp\/v2\/categories?post=545"},{"taxonomy":"post_tag","embeddable":true,"href":"https:\/\/www.akademiapanajana.pl\/index.php\/wp-json\/wp\/v2\/tags?post=545"}],"curies":[{"name":"wp","href":"https:\/\/api.w.org\/{rel}","templated":true}]}}